{"id":4924,"date":"2016-02-20T02:32:13","date_gmt":"2016-02-20T01:32:13","guid":{"rendered":"http:\/\/www.marklmiura.com\/?p=4924"},"modified":"2016-02-20T02:35:43","modified_gmt":"2016-02-20T01:35:43","slug":"unsere-papa-bag-hat-eine-neue-innentaschen-einteilung","status":"publish","type":"post","link":"https:\/\/www.marklmiura.com\/de\/unsere-papa-bag-hat-eine-neue-innentaschen-einteilung\/","title":{"rendered":"Unsere PAPA BAG hat eine neue Innentaschen Einteilung"},"content":{"rendered":"<p><a href=\"http:\/\/www.marklmiura.com\/wp-content\/uploads\/2014\/10\/P1010150_medium.jpg\"><img loading=\"lazy\" decoding=\"async\" class=\"size-full wp-image-4909\" src=\"http:\/\/www.marklmiura.com\/wp-content\/uploads\/2014\/10\/P1010150_medium.jpg\" alt=\"PAPA BAG grey\/grau #1 (Tote bag\/Tragetasche)\" width=\"2000\" height=\"1502\" srcset=\"https:\/\/www.marklmiura.com\/wp-content\/uploads\/2014\/10\/P1010150_medium.jpg 2000w, https:\/\/www.marklmiura.com\/wp-content\/uploads\/2014\/10\/P1010150_medium-960x721.jpg 960w, https:\/\/www.marklmiura.com\/wp-content\/uploads\/2014\/10\/P1010150_medium-768x577.jpg 768w, https:\/\/www.marklmiura.com\/wp-content\/uploads\/2014\/10\/P1010150_medium-1920x1442.jpg 1920w, https:\/\/www.marklmiura.com\/wp-content\/uploads\/2014\/10\/P1010150_medium-600x451.jpg 600w, https:\/\/www.marklmiura.com\/wp-content\/uploads\/2014\/10\/P1010150_medium-1000x751.jpg 1000w\" sizes=\"auto, (max-width: 2000px) 100vw, 2000px\" \/><\/a><\/p>\n<p><a href=\"http:\/\/www.marklmiura.com\/wp-content\/uploads\/2014\/10\/P1010152_medium.jpg\"><img loading=\"lazy\" decoding=\"async\" class=\"size-full wp-image-4907\" src=\"http:\/\/www.marklmiura.com\/wp-content\/uploads\/2014\/10\/P1010152_medium.jpg\" alt=\"PAPA BAG grey\/grau #1 (Tote bag\/Tragetasche)\" width=\"2000\" height=\"1502\" srcset=\"https:\/\/www.marklmiura.com\/wp-content\/uploads\/2014\/10\/P1010152_medium.jpg 2000w, https:\/\/www.marklmiura.com\/wp-content\/uploads\/2014\/10\/P1010152_medium-960x721.jpg 960w, https:\/\/www.marklmiura.com\/wp-content\/uploads\/2014\/10\/P1010152_medium-768x577.jpg 768w, https:\/\/www.marklmiura.com\/wp-content\/uploads\/2014\/10\/P1010152_medium-1920x1442.jpg 1920w, https:\/\/www.marklmiura.com\/wp-content\/uploads\/2014\/10\/P1010152_medium-600x451.jpg 600w, https:\/\/www.marklmiura.com\/wp-content\/uploads\/2014\/10\/P1010152_medium-1000x751.jpg 1000w\" sizes=\"auto, (max-width: 2000px) 100vw, 2000px\" \/><\/a><\/p>\n<p>In unserer PAPA BAG, befinden sich eine kleine und eine gro\u00dfe Innentasche.<br \/>\nDie gro\u00dfe hat, ab sofort einen praktischen Einsatz mit drei Unterteilungen in ihrem Inneren.<br \/>\nSo k\u00f6nnen, ein Stift, ein Portemonnaie und ein Mobiltelefon etc an festen Pl\u00e4tzen verstaut werden und sind somit immer griffbereit. <\/p>\n<p>Gr\u00f6\u00dfe (von links nach rechts) : 13cm, 4cm, 17cm x 16cm <\/p>\n","protected":false},"excerpt":{"rendered":"<p>In unserer PAPA BAG, befinden sich eine kleine und eine gro\u00dfe Innentasche. Die gro\u00dfe hat, ab sofort einen praktischen Einsatz mit drei Unterteilungen in ihrem Inneren. So k\u00f6nnen, ein Stift, ein Portemonnaie und ein Mobiltelefon etc an festen Pl\u00e4tzen verstaut werden und sind somit immer griffbereit. Gr\u00f6\u00dfe (von links nach rechts) : 13cm, 4cm, 17cm [&hellip;]<\/p>\n","protected":false},"author":4,"featured_media":0,"comment_status":"closed","ping_status":"closed","sticky":false,"template":"","format":"standard","meta":{"footnotes":""},"categories":[8],"tags":[],"class_list":["post-4924","post","type-post","status-publish","format-standard","hentry","category-unkategorisiert"],"yoast_head":"<!-- This site is optimized with the Yoast SEO plugin v27.5 - https:\/\/yoast.com\/product\/yoast-seo-wordpress\/ -->\n<title>Unsere PAPA BAG hat eine neue Innentaschen Einteilung - marklmiura<\/title>\n<meta name=\"robots\" content=\"index, follow, max-snippet:-1, max-image-preview:large, max-video-preview:-1\" \/>\n<link rel=\"canonical\" href=\"https:\/\/www.marklmiura.com\/de\/unsere-papa-bag-hat-eine-neue-innentaschen-einteilung\/\" \/>\n<meta property=\"og:locale\" content=\"de_DE\" \/>\n<meta property=\"og:type\" content=\"article\" \/>\n<meta property=\"og:title\" content=\"Unsere PAPA BAG hat eine neue Innentaschen Einteilung - marklmiura\" \/>\n<meta property=\"og:description\" content=\"In unserer PAPA BAG, befinden sich eine kleine und eine gro\u00dfe Innentasche. Die gro\u00dfe hat, ab sofort einen praktischen Einsatz mit drei Unterteilungen in ihrem Inneren. So k\u00f6nnen, ein Stift, ein Portemonnaie und ein Mobiltelefon etc an festen Pl\u00e4tzen verstaut werden und sind somit immer griffbereit. Gr\u00f6\u00dfe (von links nach rechts) : 13cm, 4cm, 17cm [&hellip;]\" \/>\n<meta property=\"og:url\" content=\"https:\/\/www.marklmiura.com\/de\/unsere-papa-bag-hat-eine-neue-innentaschen-einteilung\/\" \/>\n<meta property=\"og:site_name\" content=\"marklmiura\" \/>\n<meta property=\"article:published_time\" content=\"2016-02-20T01:32:13+00:00\" \/>\n<meta property=\"article:modified_time\" content=\"2016-02-20T01:35:43+00:00\" \/>\n<meta property=\"og:image\" content=\"http:\/\/www.marklmiura.com\/wp-content\/uploads\/2014\/10\/P1010150_medium.jpg\" \/>\n<meta name=\"twitter:label1\" content=\"Verfasst von\" \/>\n\t<meta name=\"twitter:data1\" content=\"\" \/>\n<script type=\"application\/ld+json\" class=\"yoast-schema-graph\">{\"@context\":\"https:\\\/\\\/schema.org\",\"@graph\":[{\"@type\":\"Article\",\"@id\":\"https:\\\/\\\/www.marklmiura.com\\\/de\\\/unsere-papa-bag-hat-eine-neue-innentaschen-einteilung\\\/#article\",\"isPartOf\":{\"@id\":\"https:\\\/\\\/www.marklmiura.com\\\/de\\\/unsere-papa-bag-hat-eine-neue-innentaschen-einteilung\\\/\"},\"author\":{\"name\":\"\",\"@id\":\"\"},\"headline\":\"Unsere PAPA BAG hat eine neue Innentaschen Einteilung\",\"datePublished\":\"2016-02-20T01:32:13+00:00\",\"dateModified\":\"2016-02-20T01:35:43+00:00\",\"mainEntityOfPage\":{\"@id\":\"https:\\\/\\\/www.marklmiura.com\\\/de\\\/unsere-papa-bag-hat-eine-neue-innentaschen-einteilung\\\/\"},\"wordCount\":69,\"image\":{\"@id\":\"https:\\\/\\\/www.marklmiura.com\\\/de\\\/unsere-papa-bag-hat-eine-neue-innentaschen-einteilung\\\/#primaryimage\"},\"thumbnailUrl\":\"http:\\\/\\\/www.marklmiura.com\\\/wp-content\\\/uploads\\\/2014\\\/10\\\/P1010150_medium.jpg\",\"articleSection\":[\"Unkategorisiert\"],\"inLanguage\":\"de\"},{\"@type\":\"WebPage\",\"@id\":\"https:\\\/\\\/www.marklmiura.com\\\/de\\\/unsere-papa-bag-hat-eine-neue-innentaschen-einteilung\\\/\",\"url\":\"https:\\\/\\\/www.marklmiura.com\\\/de\\\/unsere-papa-bag-hat-eine-neue-innentaschen-einteilung\\\/\",\"name\":\"Unsere PAPA BAG hat eine neue Innentaschen Einteilung - marklmiura\",\"isPartOf\":{\"@id\":\"https:\\\/\\\/www.marklmiura.com\\\/de\\\/#website\"},\"primaryImageOfPage\":{\"@id\":\"https:\\\/\\\/www.marklmiura.com\\\/de\\\/unsere-papa-bag-hat-eine-neue-innentaschen-einteilung\\\/#primaryimage\"},\"image\":{\"@id\":\"https:\\\/\\\/www.marklmiura.com\\\/de\\\/unsere-papa-bag-hat-eine-neue-innentaschen-einteilung\\\/#primaryimage\"},\"thumbnailUrl\":\"http:\\\/\\\/www.marklmiura.com\\\/wp-content\\\/uploads\\\/2014\\\/10\\\/P1010150_medium.jpg\",\"datePublished\":\"2016-02-20T01:32:13+00:00\",\"dateModified\":\"2016-02-20T01:35:43+00:00\",\"author\":{\"@id\":\"\"},\"breadcrumb\":{\"@id\":\"https:\\\/\\\/www.marklmiura.com\\\/de\\\/unsere-papa-bag-hat-eine-neue-innentaschen-einteilung\\\/#breadcrumb\"},\"inLanguage\":\"de\",\"potentialAction\":[{\"@type\":\"ReadAction\",\"target\":[\"https:\\\/\\\/www.marklmiura.com\\\/de\\\/unsere-papa-bag-hat-eine-neue-innentaschen-einteilung\\\/\"]}]},{\"@type\":\"ImageObject\",\"inLanguage\":\"de\",\"@id\":\"https:\\\/\\\/www.marklmiura.com\\\/de\\\/unsere-papa-bag-hat-eine-neue-innentaschen-einteilung\\\/#primaryimage\",\"url\":\"http:\\\/\\\/www.marklmiura.com\\\/wp-content\\\/uploads\\\/2014\\\/10\\\/P1010150_medium.jpg\",\"contentUrl\":\"http:\\\/\\\/www.marklmiura.com\\\/wp-content\\\/uploads\\\/2014\\\/10\\\/P1010150_medium.jpg\"},{\"@type\":\"BreadcrumbList\",\"@id\":\"https:\\\/\\\/www.marklmiura.com\\\/de\\\/unsere-papa-bag-hat-eine-neue-innentaschen-einteilung\\\/#breadcrumb\",\"itemListElement\":[{\"@type\":\"ListItem\",\"position\":1,\"name\":\"Home\",\"item\":\"https:\\\/\\\/www.marklmiura.com\\\/de\\\/\"},{\"@type\":\"ListItem\",\"position\":2,\"name\":\"Unsere PAPA BAG hat eine neue Innentaschen Einteilung\"}]},{\"@type\":\"WebSite\",\"@id\":\"https:\\\/\\\/www.marklmiura.com\\\/de\\\/#website\",\"url\":\"https:\\\/\\\/www.marklmiura.com\\\/de\\\/\",\"name\":\"marklmiura\",\"description\":\"\",\"potentialAction\":[{\"@type\":\"SearchAction\",\"target\":{\"@type\":\"EntryPoint\",\"urlTemplate\":\"https:\\\/\\\/www.marklmiura.com\\\/de\\\/?s={search_term_string}\"},\"query-input\":{\"@type\":\"PropertyValueSpecification\",\"valueRequired\":true,\"valueName\":\"search_term_string\"}}],\"inLanguage\":\"de\"},{\"@type\":\"Person\",\"@id\":\"\"}]}<\/script>\n<!-- \/ Yoast SEO plugin. -->","yoast_head_json":{"title":"Unsere PAPA BAG hat eine neue Innentaschen Einteilung - marklmiura","robots":{"index":"index","follow":"follow","max-snippet":"max-snippet:-1","max-image-preview":"max-image-preview:large","max-video-preview":"max-video-preview:-1"},"canonical":"https:\/\/www.marklmiura.com\/de\/unsere-papa-bag-hat-eine-neue-innentaschen-einteilung\/","og_locale":"de_DE","og_type":"article","og_title":"Unsere PAPA BAG hat eine neue Innentaschen Einteilung - marklmiura","og_description":"In unserer PAPA BAG, befinden sich eine kleine und eine gro\u00dfe Innentasche. Die gro\u00dfe hat, ab sofort einen praktischen Einsatz mit drei Unterteilungen in ihrem Inneren. So k\u00f6nnen, ein Stift, ein Portemonnaie und ein Mobiltelefon etc an festen Pl\u00e4tzen verstaut werden und sind somit immer griffbereit. Gr\u00f6\u00dfe (von links nach rechts) : 13cm, 4cm, 17cm [&hellip;]","og_url":"https:\/\/www.marklmiura.com\/de\/unsere-papa-bag-hat-eine-neue-innentaschen-einteilung\/","og_site_name":"marklmiura","article_published_time":"2016-02-20T01:32:13+00:00","article_modified_time":"2016-02-20T01:35:43+00:00","og_image":[{"url":"http:\/\/www.marklmiura.com\/wp-content\/uploads\/2014\/10\/P1010150_medium.jpg","type":"","width":"","height":""}],"twitter_misc":{"Verfasst von":""},"schema":{"@context":"https:\/\/schema.org","@graph":[{"@type":"Article","@id":"https:\/\/www.marklmiura.com\/de\/unsere-papa-bag-hat-eine-neue-innentaschen-einteilung\/#article","isPartOf":{"@id":"https:\/\/www.marklmiura.com\/de\/unsere-papa-bag-hat-eine-neue-innentaschen-einteilung\/"},"author":{"name":"","@id":""},"headline":"Unsere PAPA BAG hat eine neue Innentaschen Einteilung","datePublished":"2016-02-20T01:32:13+00:00","dateModified":"2016-02-20T01:35:43+00:00","mainEntityOfPage":{"@id":"https:\/\/www.marklmiura.com\/de\/unsere-papa-bag-hat-eine-neue-innentaschen-einteilung\/"},"wordCount":69,"image":{"@id":"https:\/\/www.marklmiura.com\/de\/unsere-papa-bag-hat-eine-neue-innentaschen-einteilung\/#primaryimage"},"thumbnailUrl":"http:\/\/www.marklmiura.com\/wp-content\/uploads\/2014\/10\/P1010150_medium.jpg","articleSection":["Unkategorisiert"],"inLanguage":"de"},{"@type":"WebPage","@id":"https:\/\/www.marklmiura.com\/de\/unsere-papa-bag-hat-eine-neue-innentaschen-einteilung\/","url":"https:\/\/www.marklmiura.com\/de\/unsere-papa-bag-hat-eine-neue-innentaschen-einteilung\/","name":"Unsere PAPA BAG hat eine neue Innentaschen Einteilung - marklmiura","isPartOf":{"@id":"https:\/\/www.marklmiura.com\/de\/#website"},"primaryImageOfPage":{"@id":"https:\/\/www.marklmiura.com\/de\/unsere-papa-bag-hat-eine-neue-innentaschen-einteilung\/#primaryimage"},"image":{"@id":"https:\/\/www.marklmiura.com\/de\/unsere-papa-bag-hat-eine-neue-innentaschen-einteilung\/#primaryimage"},"thumbnailUrl":"http:\/\/www.marklmiura.com\/wp-content\/uploads\/2014\/10\/P1010150_medium.jpg","datePublished":"2016-02-20T01:32:13+00:00","dateModified":"2016-02-20T01:35:43+00:00","author":{"@id":""},"breadcrumb":{"@id":"https:\/\/www.marklmiura.com\/de\/unsere-papa-bag-hat-eine-neue-innentaschen-einteilung\/#breadcrumb"},"inLanguage":"de","potentialAction":[{"@type":"ReadAction","target":["https:\/\/www.marklmiura.com\/de\/unsere-papa-bag-hat-eine-neue-innentaschen-einteilung\/"]}]},{"@type":"ImageObject","inLanguage":"de","@id":"https:\/\/www.marklmiura.com\/de\/unsere-papa-bag-hat-eine-neue-innentaschen-einteilung\/#primaryimage","url":"http:\/\/www.marklmiura.com\/wp-content\/uploads\/2014\/10\/P1010150_medium.jpg","contentUrl":"http:\/\/www.marklmiura.com\/wp-content\/uploads\/2014\/10\/P1010150_medium.jpg"},{"@type":"BreadcrumbList","@id":"https:\/\/www.marklmiura.com\/de\/unsere-papa-bag-hat-eine-neue-innentaschen-einteilung\/#breadcrumb","itemListElement":[{"@type":"ListItem","position":1,"name":"Home","item":"https:\/\/www.marklmiura.com\/de\/"},{"@type":"ListItem","position":2,"name":"Unsere PAPA BAG hat eine neue Innentaschen Einteilung"}]},{"@type":"WebSite","@id":"https:\/\/www.marklmiura.com\/de\/#website","url":"https:\/\/www.marklmiura.com\/de\/","name":"marklmiura","description":"","potentialAction":[{"@type":"SearchAction","target":{"@type":"EntryPoint","urlTemplate":"https:\/\/www.marklmiura.com\/de\/?s={search_term_string}"},"query-input":{"@type":"PropertyValueSpecification","valueRequired":true,"valueName":"search_term_string"}}],"inLanguage":"de"},{"@type":"Person","@id":""}]}},"_links":{"self":[{"href":"https:\/\/www.marklmiura.com\/de\/wp-json\/wp\/v2\/posts\/4924","targetHints":{"allow":["GET"]}}],"collection":[{"href":"https:\/\/www.marklmiura.com\/de\/wp-json\/wp\/v2\/posts"}],"about":[{"href":"https:\/\/www.marklmiura.com\/de\/wp-json\/wp\/v2\/types\/post"}],"author":[{"embeddable":true,"href":"https:\/\/www.marklmiura.com\/de\/wp-json\/wp\/v2\/users\/4"}],"replies":[{"embeddable":true,"href":"https:\/\/www.marklmiura.com\/de\/wp-json\/wp\/v2\/comments?post=4924"}],"version-history":[{"count":0,"href":"https:\/\/www.marklmiura.com\/de\/wp-json\/wp\/v2\/posts\/4924\/revisions"}],"wp:attachment":[{"href":"https:\/\/www.marklmiura.com\/de\/wp-json\/wp\/v2\/media?parent=4924"}],"wp:term":[{"taxonomy":"category","embeddable":true,"href":"https:\/\/www.marklmiura.com\/de\/wp-json\/wp\/v2\/categories?post=4924"},{"taxonomy":"post_tag","embeddable":true,"href":"https:\/\/www.marklmiura.com\/de\/wp-json\/wp\/v2\/tags?post=4924"}],"curies":[{"name":"wp","href":"https:\/\/api.w.org\/{rel}","templated":true}]}}